{"id":1358,"date":"2025-12-23T02:59:00","date_gmt":"2025-12-23T02:59:00","guid":{"rendered":"https:\/\/letsgonerd.com\/4afdff1a-af0b-4475-90be-0aa7b1b71da4\/"},"modified":"2025-12-23T02:59:06","modified_gmt":"2025-12-23T02:59:06","slug":"4afdff1a-af0b-4475-90be-0aa7b1b71da4","status":"publish","type":"post","link":"https:\/\/letsgonerd.com\/ko\/4afdff1a-af0b-4475-90be-0aa7b1b71da4\/","title":{"rendered":"Vaga Executivo de Vendas Externas: Oportunidade e Crescimento Comercial"},"content":{"rendered":"<\/p>\n<\/p>\n<div style=\"background: #ffffff; border-radius: 12px; box-shadow: 0 10px 30px rgba(0, 0, 0, 0.1); width: 100%; max-width: 340px; padding: 25px; transition: transform 0.3s ease-in-out; overflow: visible; display: flex; flex-direction: column; position: relative; border: 1px solid #28a745; margin-top: 70px; margin-bottom: 50px; margin-left: auto; margin-right: auto;\">\n<div style=\"position: absolute; top: -35px; right: 15px; color: #28a745; padding: 5px 10px; border-radius: 6px; font-size: 14px; font-weight: bold; display: flex; align-items: center; z-index: 10;\">\ucd94\ucc9c \ucf58\ud150\uce20<\/div>\n<div data-namespace-header=\"\" style=\"\">\n<h3 data-namespace-title=\"\" style=\"color: #333; font-size: 20px; font-weight: bold; text-align: left; margin-right: 50px; min-height: 50px; margin-top: 0px;\">\uc678\ubd80 \uc601\uc5c5 \ub2f4\ub2f9\uc790<\/h3>\n<\/p><\/div>\n<p data-namespace-prompt=\"\" style=\"font-size: 16px; color: #666; margin-bottom: 20px; line-height: 1.5; flex-grow: 1; text-align: left; margin-top: 0px;\">Procura uma oportunidade para impulsionar sua carreira comercial? Este cargo oferece contato direto com clientes estrat\u00e9gicos, gerenciamento de relacionamento, e crescimento profissional!<\/p>\n<p>    <a data-namespace-url=\"\" href=\"https:\/\/letsgonerd.com\/ko\/redirect\/?https:\/\/www.catho.com.br\/vagas\/executivo-de-vendas-externas\/34125118\/?utm_campaign=google_jobs_apply&#038;utm_source=google_jobs_apply&#038;utm_medium=organic\" style=\"width: 100%; display: inline-block; color: white; text-decoration: none; border-radius: 6px; font-size: 16px; font-weight: bold; text-align: center; transition: transform 0.3s ease, background 0.3s ease; margin-top: auto;\" data-namespace-id=\"5c0d2565-3ba9-4280-a382-ad2a691e2285\"><br \/>\n        <button style=\"width: 100%; height: 55px; background: #e9e9ed; border: 1px solid black; color: black;\">\ucc44\uc6a9 \uacf5\uace0\uc5d0 \uc9c0\uc6d0\ud558\uc138\uc694<\/button><br \/>\n    <\/a><br \/>\n    <small style=\"margin-top: 10px; color: #777; font-size: 12px; text-align: center; display: block;\">\ub2e4\ub978 \uc6f9\uc0ac\uc774\ud2b8\ub85c \uc774\ub3d9\ud569\ub2c8\ub2e4.<\/small>\n<\/div>\n<h2>Conhecendo a Vaga em Destaque<\/h2>\n<p>A vaga de Executivo de Vendas Externas \u00e9 destinada a profissionais com perfil din\u00e2mico e excelente comunica\u00e7\u00e3o. Possuir pelo menos seis meses em vendas \u00e9 desej\u00e1vel.<\/p>\n<p>O cargo \u00e9 efetivo e valoriza a experi\u00eancia na \u00e1rea comercial e em vendas de varejo. O candidato deve estar cursando superior em \u00e1reas relacionadas.<\/p>\n<p>Embora o sal\u00e1rio exato n\u00e3o tenha sido divulgado, oportunidades assim geralmente incluem bons b\u00f4nus e comiss\u00f5es por desempenho.<\/p>\n<p>O regime de contrata\u00e7\u00e3o costuma ser CLT, garantindo benef\u00edcios trabalhistas, estabilidade e possibilidade de crescimento no setor.<\/p>\n<p>Interessados devem estar dispostos a se desenvolver profissionalmente, assumindo desafios di\u00e1rios na conquista de novos clientes e mercados.<\/p>\n<h2>\uc77c\uc0c1\uc801\uc778 \uc5c5\ubb34 \ubc0f \uc8fc\uc694 \ucc45\uc784<\/h2>\n<p>No dia a dia, o Executivo de Vendas Externas identifica e prospecta novos clientes estrat\u00e9gicos, buscando aumentar a carteira da empresa.<\/p>\n<p>Gerencia e fortalece rela\u00e7\u00f5es comerciais, garantindo satisfa\u00e7\u00e3o, fideliza\u00e7\u00e3o e crescimento das receitas junto aos clientes existentes.<\/p>\n<p>Negocia condi\u00e7\u00f5es comerciais detalhadas, elabora propostas e contratos, atuando em negocia\u00e7\u00f5es de alta complexidade.<\/p>\n<p>Desenvolve estrat\u00e9gias inovadoras de vendas e acompanha constantemente resultados para ajustar o foco e superar metas estabelecidas.<\/p>\n<p>Al\u00e9m disso, \u00e9 esperado que atue como mentor de membros juniores, oferecendo treinamentos e orienta\u00e7\u00f5es.<\/p>\n<h2>\uc774 \uae30\ud68c\uc758 \uae0d\uc815\uc801\uc778 \uce21\uba74.<\/h2>\n<p>Um dos grandes atrativos para esta vaga \u00e9 o potencial de crescimento, tanto em aprendizado como em oportunidades de ascens\u00e3o profissional.<\/p>\n<p>O ambiente oferece suporte ao desenvolvimento de carreira, promovendo treinamentos e reconhecimento pelo bom desempenho.<\/p>\n<p>Outro ponto positivo s\u00e3o os ganhos vari\u00e1veis, que permitem que o esfor\u00e7o do colaborador reflita diretamente em sua remunera\u00e7\u00e3o.<\/p>\n<p>A atua\u00e7\u00e3o estrat\u00e9gica com diferentes tipos de clientes tamb\u00e9m amplia o networking e a visibilidade no mercado comercial.<\/p>\n<p>Por fim, o papel de lideran\u00e7a e orienta\u00e7\u00e3o de equipe contribui para o desenvolvimento de habilidades de coordena\u00e7\u00e3o e gest\u00e3o.<\/p>\n<h2>\uc9c0\uc6d0 \uc804 \uace0\ub824 \uc0ac\ud56d<\/h2>\n<p>Por outro lado, a rotina exige dedica\u00e7\u00e3o intensa, com metas ambiciosas que podem demandar longas jornadas em determinados per\u00edodos.<\/p>\n<p>Press\u00e3o por resultados \u00e9 uma constante, o que pode n\u00e3o agradar a quem prefere ambientes mais est\u00e1veis e rotinas previs\u00edveis.<\/p>\n<p>A depend\u00eancia de resultados para composi\u00e7\u00e3o do sal\u00e1rio pode causar instabilidade financeira, especialmente em \u00e9pocas de baixa demanda.<\/p>\n<p>\u00c9 necess\u00e1rio estar confort\u00e1vel com negocia\u00e7\u00f5es complexas e frequente intera\u00e7\u00e3o com clientes exigentes e de alto n\u00edvel.<\/p>\n<p>Al\u00e9m disso, o profissional precisa investir constantemente em atualiza\u00e7\u00e3o para acompanhar tend\u00eancias de mercado e concorr\u00eancia.<\/p>\n<h2>\ucd5c\uc885 \uacb0\ub860: \uc9c0\uc6d0\ud560 \uac00\uce58\uac00 \uc788\uc744\uae4c\uc694?<\/h2>\n<p>Esta oportunidade oferece um ambiente competitivo, dinamismo e recompensas atraentes para quem busca crescimento na \u00e1rea comercial.<\/p>\n<p>O cargo \u00e9 ideal para quem gosta de desafios, tem perfil comercial s\u00f3lido e deseja se destacar no setor com possibilidades reais de ascens\u00e3o.<\/p>\n<p>A experi\u00eancia exigida \u00e9 acess\u00edvel para muitos profissionais e a empresa investe no desenvolvimento dos colaboradores.<\/p>\n<p>Em resumo, \u00e9 uma vaga recomendada para quem alia ambi\u00e7\u00e3o, proatividade e interesse em resultados, destacando-se entre os candidatos.<\/p>\n<p>Aproveite esta chance de acelerar sua carreira participando deste processo seletivo!<\/p>\n<div style=\"background: #ffffff; border-radius: 12px; box-shadow: 0 10px 30px rgba(0, 0, 0, 0.1); width: 100%; max-width: 340px; padding: 25px; transition: transform 0.3s ease-in-out; overflow: visible; display: flex; flex-direction: column; position: relative; border: 1px solid #28a745; margin-top: 70px; margin-bottom: 50px; margin-left: auto; margin-right: auto;\">\n<div style=\"position: absolute; top: -35px; right: 15px; color: #28a745; padding: 5px 10px; border-radius: 6px; font-size: 14px; font-weight: bold; display: flex; align-items: center; z-index: 10;\">\ucd94\ucc9c \ucf58\ud150\uce20<\/div>\n<div data-namespace-header=\"\" style=\"\">\n<h3 data-namespace-title=\"\" style=\"color: #333; font-size: 20px; font-weight: bold; text-align: left; margin-right: 50px; min-height: 50px; margin-top: 0px;\">\uc678\ubd80 \uc601\uc5c5 \ub2f4\ub2f9\uc790<\/h3>\n<\/p><\/div>\n<p data-namespace-prompt=\"\" style=\"font-size: 16px; color: #666; margin-bottom: 20px; line-height: 1.5; flex-grow: 1; text-align: left; margin-top: 0px;\">Procura uma oportunidade para impulsionar sua carreira comercial? Este cargo oferece contato direto com clientes estrat\u00e9gicos, gerenciamento de relacionamento, e crescimento profissional!<\/p>\n<p>    <a data-namespace-url=\"\" href=\"https:\/\/letsgonerd.com\/ko\/redirect\/?https:\/\/www.catho.com.br\/vagas\/executivo-de-vendas-externas\/34125118\/?utm_campaign=google_jobs_apply&#038;utm_source=google_jobs_apply&#038;utm_medium=organic\" style=\"width: 100%; display: inline-block; color: white; text-decoration: none; border-radius: 6px; font-size: 16px; font-weight: bold; text-align: center; transition: transform 0.3s ease, background 0.3s ease; margin-top: auto;\" data-namespace-id=\"5c0d2565-3ba9-4280-a382-ad2a691e2285\"><br \/>\n        <button style=\"width: 100%; height: 55px; background: #e9e9ed; border: 1px solid black; color: black;\">\ucc44\uc6a9 \uacf5\uace0\uc5d0 \uc9c0\uc6d0\ud558\uc138\uc694<\/button><br \/>\n    <\/a><br \/>\n    <small style=\"margin-top: 10px; color: #777; font-size: 12px; text-align: center; display: block;\">\ub2e4\ub978 \uc6f9\uc0ac\uc774\ud2b8\ub85c \uc774\ub3d9\ud569\ub2c8\ub2e4.<\/small>\n<\/div>","protected":false},"excerpt":{"rendered":"<p>Saiba tudo sobre a vaga de Executivo de Vendas Externas: fun\u00e7\u00f5es, chances de crescimento, pontos positivos e desafios. Mat\u00e9ria independente para quem quer impulsionar sua carreira.<\/p>","protected":false},"author":3,"featured_media":0,"comment_status":"open","ping_status":"open","sticky":false,"template":"","format":"standard","meta":{"footnotes":""},"categories":[3],"tags":[],"yoast_head":"<!-- This site is optimized with the Yoast SEO plugin v23.3 - https:\/\/yoast.com\/wordpress\/plugins\/seo\/ -->\n<title>Vaga Executivo de Vendas Externas: Oportunidade e Crescimento Comercial - Let&#039;s Go Nerd<\/title>\n<meta name=\"robots\" content=\"index, follow, max-snippet:-1, max-image-preview:large, max-video-preview:-1\" \/>\n<link rel=\"canonical\" href=\"https:\/\/letsgonerd.com\/ko\/4afdff1a-af0b-4475-90be-0aa7b1b71da4\/\" \/>\n<meta property=\"og:locale\" content=\"ko_KR\" \/>\n<meta property=\"og:type\" content=\"article\" \/>\n<meta property=\"og:title\" content=\"Vaga Executivo de Vendas Externas: Oportunidade e Crescimento Comercial - Let&#039;s Go Nerd\" \/>\n<meta property=\"og:description\" content=\"Saiba tudo sobre a vaga de Executivo de Vendas Externas: fun\u00e7\u00f5es, chances de crescimento, pontos positivos e desafios. Mat\u00e9ria independente para quem quer impulsionar sua carreira.\" \/>\n<meta property=\"og:url\" content=\"https:\/\/letsgonerd.com\/ko\/4afdff1a-af0b-4475-90be-0aa7b1b71da4\/\" \/>\n<meta property=\"og:site_name\" content=\"Let&#039;s Go Nerd\" \/>\n<meta property=\"article:published_time\" content=\"2025-12-23T02:59:00+00:00\" \/>\n<meta property=\"article:modified_time\" content=\"2025-12-23T02:59:06+00:00\" \/>\n<meta name=\"author\" content=\"Bruno Gianni\" \/>\n<meta name=\"twitter:card\" content=\"summary_large_image\" \/>\n<meta name=\"twitter:label1\" content=\"Written by\" \/>\n\t<meta name=\"twitter:data1\" content=\"Bruno Gianni\" \/>\n\t<meta name=\"twitter:label2\" content=\"Est. reading time\" \/>\n\t<meta name=\"twitter:data2\" content=\"3\ubd84\" \/>\n<script type=\"application\/ld+json\" class=\"yoast-schema-graph\">{\"@context\":\"https:\/\/schema.org\",\"@graph\":[{\"@type\":\"WebPage\",\"@id\":\"https:\/\/letsgonerd.com\/4afdff1a-af0b-4475-90be-0aa7b1b71da4\/\",\"url\":\"https:\/\/letsgonerd.com\/4afdff1a-af0b-4475-90be-0aa7b1b71da4\/\",\"name\":\"Vaga Executivo de Vendas Externas: Oportunidade e Crescimento Comercial - Let&#039;s Go Nerd\",\"isPartOf\":{\"@id\":\"https:\/\/letsgonerd.com\/#website\"},\"datePublished\":\"2025-12-23T02:59:00+00:00\",\"dateModified\":\"2025-12-23T02:59:06+00:00\",\"author\":{\"@id\":\"https:\/\/letsgonerd.com\/#\/schema\/person\/d52888235fd6563bd07d97185d6a61e4\"},\"breadcrumb\":{\"@id\":\"https:\/\/letsgonerd.com\/4afdff1a-af0b-4475-90be-0aa7b1b71da4\/#breadcrumb\"},\"inLanguage\":\"ko-KR\",\"potentialAction\":[{\"@type\":\"ReadAction\",\"target\":[\"https:\/\/letsgonerd.com\/4afdff1a-af0b-4475-90be-0aa7b1b71da4\/\"]}]},{\"@type\":\"BreadcrumbList\",\"@id\":\"https:\/\/letsgonerd.com\/4afdff1a-af0b-4475-90be-0aa7b1b71da4\/#breadcrumb\",\"itemListElement\":[{\"@type\":\"ListItem\",\"position\":1,\"name\":\"Home\",\"item\":\"https:\/\/letsgonerd.com\/\"},{\"@type\":\"ListItem\",\"position\":2,\"name\":\"Vaga Executivo de Vendas Externas: Oportunidade e Crescimento Comercial\"}]},{\"@type\":\"WebSite\",\"@id\":\"https:\/\/letsgonerd.com\/#website\",\"url\":\"https:\/\/letsgonerd.com\/\",\"name\":\"Let&#039;s Go Nerd\",\"description\":\"\",\"potentialAction\":[{\"@type\":\"SearchAction\",\"target\":{\"@type\":\"EntryPoint\",\"urlTemplate\":\"https:\/\/letsgonerd.com\/?s={search_term_string}\"},\"query-input\":\"required name=search_term_string\"}],\"inLanguage\":\"ko-KR\"},{\"@type\":\"Person\",\"@id\":\"https:\/\/letsgonerd.com\/#\/schema\/person\/d52888235fd6563bd07d97185d6a61e4\",\"name\":\"Bruno Gianni\",\"image\":{\"@type\":\"ImageObject\",\"inLanguage\":\"ko-KR\",\"@id\":\"https:\/\/letsgonerd.com\/#\/schema\/person\/image\/\",\"url\":\"https:\/\/secure.gravatar.com\/avatar\/0f5d42d7bf77874643c1478932860e3f?s=96&d=mm&r=g\",\"contentUrl\":\"https:\/\/secure.gravatar.com\/avatar\/0f5d42d7bf77874643c1478932860e3f?s=96&d=mm&r=g\",\"caption\":\"Bruno Gianni\"},\"description\":\"Bruno writes the way he lives, with curiosity, care, and respect for people. He likes to observe, listen, and try to understand what is happening on the other side before putting any words on the page.For him, writing is not about impressing, but about getting closer. It is about turning thoughts into something simple, clear, and real. Every text is an ongoing conversation, created with care and honesty, with the sincere intention of touching someone, somewhere along the way.\",\"url\":\"https:\/\/letsgonerd.com\/ko\/author\/bcgianni\/\"}]}<\/script>\n<!-- \/ Yoast SEO plugin. -->","yoast_head_json":{"title":"Vaga Executivo de Vendas Externas: Oportunidade e Crescimento Comercial - Let&#039;s Go Nerd","robots":{"index":"index","follow":"follow","max-snippet":"max-snippet:-1","max-image-preview":"max-image-preview:large","max-video-preview":"max-video-preview:-1"},"canonical":"https:\/\/letsgonerd.com\/ko\/4afdff1a-af0b-4475-90be-0aa7b1b71da4\/","og_locale":"ko_KR","og_type":"article","og_title":"Vaga Executivo de Vendas Externas: Oportunidade e Crescimento Comercial - Let&#039;s Go Nerd","og_description":"Saiba tudo sobre a vaga de Executivo de Vendas Externas: fun\u00e7\u00f5es, chances de crescimento, pontos positivos e desafios. Mat\u00e9ria independente para quem quer impulsionar sua carreira.","og_url":"https:\/\/letsgonerd.com\/ko\/4afdff1a-af0b-4475-90be-0aa7b1b71da4\/","og_site_name":"Let&#039;s Go Nerd","article_published_time":"2025-12-23T02:59:00+00:00","article_modified_time":"2025-12-23T02:59:06+00:00","author":"Bruno Gianni","twitter_card":"summary_large_image","twitter_misc":{"Written by":"Bruno Gianni","Est. reading time":"3\ubd84"},"schema":{"@context":"https:\/\/schema.org","@graph":[{"@type":"WebPage","@id":"https:\/\/letsgonerd.com\/4afdff1a-af0b-4475-90be-0aa7b1b71da4\/","url":"https:\/\/letsgonerd.com\/4afdff1a-af0b-4475-90be-0aa7b1b71da4\/","name":"Vaga Executivo de Vendas Externas: Oportunidade e Crescimento Comercial - Let&#039;s Go Nerd","isPartOf":{"@id":"https:\/\/letsgonerd.com\/#website"},"datePublished":"2025-12-23T02:59:00+00:00","dateModified":"2025-12-23T02:59:06+00:00","author":{"@id":"https:\/\/letsgonerd.com\/#\/schema\/person\/d52888235fd6563bd07d97185d6a61e4"},"breadcrumb":{"@id":"https:\/\/letsgonerd.com\/4afdff1a-af0b-4475-90be-0aa7b1b71da4\/#breadcrumb"},"inLanguage":"ko-KR","potentialAction":[{"@type":"ReadAction","target":["https:\/\/letsgonerd.com\/4afdff1a-af0b-4475-90be-0aa7b1b71da4\/"]}]},{"@type":"BreadcrumbList","@id":"https:\/\/letsgonerd.com\/4afdff1a-af0b-4475-90be-0aa7b1b71da4\/#breadcrumb","itemListElement":[{"@type":"ListItem","position":1,"name":"Home","item":"https:\/\/letsgonerd.com\/"},{"@type":"ListItem","position":2,"name":"Vaga Executivo de Vendas Externas: Oportunidade e Crescimento Comercial"}]},{"@type":"WebSite","@id":"https:\/\/letsgonerd.com\/#website","url":"https:\/\/letsgonerd.com\/","name":"Let&#039;s Go Nerd","description":"","potentialAction":[{"@type":"SearchAction","target":{"@type":"EntryPoint","urlTemplate":"https:\/\/letsgonerd.com\/?s={search_term_string}"},"query-input":"required name=search_term_string"}],"inLanguage":"ko-KR"},{"@type":"Person","@id":"https:\/\/letsgonerd.com\/#\/schema\/person\/d52888235fd6563bd07d97185d6a61e4","name":"Bruno Gianni","image":{"@type":"ImageObject","inLanguage":"ko-KR","@id":"https:\/\/letsgonerd.com\/#\/schema\/person\/image\/","url":"https:\/\/secure.gravatar.com\/avatar\/0f5d42d7bf77874643c1478932860e3f?s=96&d=mm&r=g","contentUrl":"https:\/\/secure.gravatar.com\/avatar\/0f5d42d7bf77874643c1478932860e3f?s=96&d=mm&r=g","caption":"Bruno Gianni"},"description":"Bruno writes the way he lives, with curiosity, care, and respect for people. He likes to observe, listen, and try to understand what is happening on the other side before putting any words on the page.For him, writing is not about impressing, but about getting closer. It is about turning thoughts into something simple, clear, and real. Every text is an ongoing conversation, created with care and honesty, with the sincere intention of touching someone, somewhere along the way.","url":"https:\/\/letsgonerd.com\/ko\/author\/bcgianni\/"}]}},"_links":{"self":[{"href":"https:\/\/letsgonerd.com\/ko\/wp-json\/wp\/v2\/posts\/1358"}],"collection":[{"href":"https:\/\/letsgonerd.com\/ko\/wp-json\/wp\/v2\/posts"}],"about":[{"href":"https:\/\/letsgonerd.com\/ko\/wp-json\/wp\/v2\/types\/post"}],"author":[{"embeddable":true,"href":"https:\/\/letsgonerd.com\/ko\/wp-json\/wp\/v2\/users\/3"}],"replies":[{"embeddable":true,"href":"https:\/\/letsgonerd.com\/ko\/wp-json\/wp\/v2\/comments?post=1358"}],"version-history":[{"count":1,"href":"https:\/\/letsgonerd.com\/ko\/wp-json\/wp\/v2\/posts\/1358\/revisions"}],"predecessor-version":[{"id":1368,"href":"https:\/\/letsgonerd.com\/ko\/wp-json\/wp\/v2\/posts\/1358\/revisions\/1368"}],"wp:attachment":[{"href":"https:\/\/letsgonerd.com\/ko\/wp-json\/wp\/v2\/media?parent=1358"}],"wp:term":[{"taxonomy":"category","embeddable":true,"href":"https:\/\/letsgonerd.com\/ko\/wp-json\/wp\/v2\/categories?post=1358"},{"taxonomy":"post_tag","embeddable":true,"href":"https:\/\/letsgonerd.com\/ko\/wp-json\/wp\/v2\/tags?post=1358"}],"curies":[{"name":"wp","href":"https:\/\/api.w.org\/{rel}","templated":true}]}}