{"id":1819,"date":"2025-12-26T16:32:00","date_gmt":"2025-12-26T16:32:00","guid":{"rendered":"https:\/\/letsgonerd.com\/ff0c5f40-1603-4d21-9c97-5a04368739aa\/"},"modified":"2025-12-26T16:32:26","modified_gmt":"2025-12-26T16:32:26","slug":"ff0c5f40-1603-4d21-9c97-5a04368739aa","status":"publish","type":"post","link":"https:\/\/letsgonerd.com\/ja\/ff0c5f40-1603-4d21-9c97-5a04368739aa\/","title":{"rendered":"Gerente Regional: Lideran\u00e7a Comercial, Sal\u00e1rio Competitivo e Benef\u00edcios Atrativos"},"content":{"rendered":"<\/p>\n<\/p>\n<div style=\"background: #ffffff; border-radius: 12px; box-shadow: 0 10px 30px rgba(0, 0, 0, 0.1); width: 100%; max-width: 340px; padding: 25px; transition: transform 0.3s ease-in-out; overflow: visible; display: flex; flex-direction: column; position: relative; border: 1px solid #28a745; margin-top: 70px; margin-bottom: 50px; margin-left: auto; margin-right: auto;\">\n<div style=\"position: absolute; top: -35px; right: 15px; color: #28a745; padding: 5px 10px; border-radius: 6px; font-size: 14px; font-weight: bold; display: flex; align-items: center; z-index: 10;\">\u3042\u306a\u305f\u306b\u304a\u3059\u3059\u3081<\/div>\n<div data-namespace-header=\"\" style=\"\">\n<h3 data-namespace-title=\"\" style=\"color: #333; font-size: 20px; font-weight: bold; text-align: left; margin-right: 50px; min-height: 50px; margin-top: 0px;\">Gerente Regional<\/h3>\n<\/p><\/div>\n<p data-namespace-prompt=\"\" style=\"font-size: 16px; color: #666; margin-bottom: 20px; line-height: 1.5; flex-grow: 1; text-align: left; margin-top: 0px;\">Vaga para quem deseja liderar equipes comerciais com sal\u00e1rio competitivo, foco em desempenho, premia\u00e7\u00f5es e benef\u00edcios. Experi\u00eancia em gest\u00e3o e conhecimento em CRM s\u00e3o diferenciais.<\/p>\n<p>    <a data-namespace-url=\"\" href=\"https:\/\/letsgonerd.com\/ja\/redirect\/?https:\/\/www.jobijoba.com.br\/detail\/97\/d15160c9a6d147da60a18dd0d8f3f01f?utm_campaign=google_jobs_apply&#038;utm_source=google_jobs_apply&#038;utm_medium=organic\" style=\"width: 100%; display: inline-block; color: white; text-decoration: none; border-radius: 6px; font-size: 16px; font-weight: bold; text-align: center; transition: transform 0.3s ease, background 0.3s ease; margin-top: auto;\" data-namespace-id=\"5c0d2565-3ba9-4280-a382-ad2a691e2285\"><br \/>\n        <button style=\"width: 100%; height: 55px; background: #e9e9ed; border: 1px solid black; color: black;\">\u6c42\u4eba\u306b\u5fdc\u52df\u3059\u308b<\/button><br \/>\n    <\/a><br \/>\n    <small style=\"margin-top: 10px; color: #777; font-size: 12px; text-align: center; display: block;\">\u5225\u306e\u30a6\u30a7\u30d6\u30b5\u30a4\u30c8\u306b\u30ea\u30c0\u30a4\u30ec\u30af\u30c8\u3055\u308c\u307e\u3059\u3002<\/small>\n<\/div>\n<p>A vaga de Gerente Regional Comercial \u00e9 uma excelente oportunidade para quem busca liderar times de vendas e atuar em um ambiente focado em resultados. O cargo oferece um sal\u00e1rio fixo entre R$3.000,00 e R$6.000,00 por m\u00eas no regime CLT, al\u00e9m de premia\u00e7\u00e3o mensal por metas atingidas e benef\u00edcios como vale alimenta\u00e7\u00e3o, vale-transporte e vale combust\u00edvel. O contrato \u00e9 integral e efetivo, sendo ideal para profissionais comprometidos com crescimento e desenvolvimento.<\/p>\n<h2>O Dia a Dia e Responsabilidades<\/h2>\n<p>No cotidiano desse cargo, as principais fun\u00e7\u00f5es s\u00e3o bater metas mensais de vendas, garantir a efici\u00eancia do funil comercial e acompanhar todo o processo do lead ao fechamento.<\/p>\n<p>O gerente regional dever\u00e1 gerenciar o time comercial, distribuindo leads, acompanhando o desempenho e promovendo o desenvolvimento dos consultores de televendas.<\/p>\n<p>Rotinas de recrutamento, integra\u00e7\u00e3o, treinamentos e at\u00e9 desligamentos quando necess\u00e1rio far\u00e3o parte do seu dia a dia, bem como reuni\u00f5es regulares para an\u00e1lise de metas e indicadores.<\/p>\n<p>A an\u00e1lise e o reporte de indicadores (agendamentos, convers\u00e3o, ticket m\u00e9dio) s\u00e3o fundamentais, com o uso do CRM Kommo sendo um diferencial valorizado para a fun\u00e7\u00e3o.<\/p>\n<p>Al\u00e9m disso, o gestor atuar\u00e1 no planejamento estrat\u00e9gico e na manuten\u00e7\u00e3o de uma cultura de alta performance, organiza\u00e7\u00e3o e excel\u00eancia no atendimento ao paciente.<\/p>\n<h2>\u826f\u3044\u70b9<\/h2>\n<p>O sal\u00e1rio base j\u00e1 \u00e9 competitivo na \u00e1rea comercial e os b\u00f4nus por metas atingidas oferecem potencial de ganho extra significativo para profissionais engajados.<\/p>\n<p>Os benef\u00edcios, como vale alimenta\u00e7\u00e3o e aux\u00edlio transporte\/combust\u00edvel, completam o pacote, tornando a proposta atraente e adequada para diversas realidades pessoais.<\/p>\n<h2>\u6539\u5584\u3059\u3079\u304d\u70b9<\/h2>\n<p>A cobran\u00e7a por resultados pode ser intensa, o que exige resili\u00eancia e disciplina para quem est\u00e1 \u00e0 frente da equipe e administra metas exigentes todos os meses.<\/p>\n<p>O desafio de liderar e desenvolver pessoas em ambientes de alta demanda pode exigir experi\u00eancia pr\u00e9via na posi\u00e7\u00e3o e capacidade de lidar com press\u00e3o.<\/p>\n<h2>\u6700\u7d42\u8a55\u6c7a<\/h2>\n<p>O cargo de Gerente Regional Comercial proporciona boa remunera\u00e7\u00e3o, crescimento na carreira e um ambiente que valoriza resultados. Para quem tem perfil de lideran\u00e7a e foco, \u00e9 excelente chance.<\/p>\n<div style=\"background: #ffffff; border-radius: 12px; box-shadow: 0 10px 30px rgba(0, 0, 0, 0.1); width: 100%; max-width: 340px; padding: 25px; transition: transform 0.3s ease-in-out; overflow: visible; display: flex; flex-direction: column; position: relative; border: 1px solid #28a745; margin-top: 70px; margin-bottom: 50px; margin-left: auto; margin-right: auto;\">\n<div style=\"position: absolute; top: -35px; right: 15px; color: #28a745; padding: 5px 10px; border-radius: 6px; font-size: 14px; font-weight: bold; display: flex; align-items: center; z-index: 10;\">\u3042\u306a\u305f\u306b\u304a\u3059\u3059\u3081<\/div>\n<div data-namespace-header=\"\" style=\"\">\n<h3 data-namespace-title=\"\" style=\"color: #333; font-size: 20px; font-weight: bold; text-align: left; margin-right: 50px; min-height: 50px; margin-top: 0px;\">Gerente Regional<\/h3>\n<\/p><\/div>\n<p data-namespace-prompt=\"\" style=\"font-size: 16px; color: #666; margin-bottom: 20px; line-height: 1.5; flex-grow: 1; text-align: left; margin-top: 0px;\">Vaga para quem deseja liderar equipes comerciais com sal\u00e1rio competitivo, foco em desempenho, premia\u00e7\u00f5es e benef\u00edcios. Experi\u00eancia em gest\u00e3o e conhecimento em CRM s\u00e3o diferenciais.<\/p>\n<p>    <a data-namespace-url=\"\" href=\"https:\/\/letsgonerd.com\/ja\/redirect\/?https:\/\/www.jobijoba.com.br\/detail\/97\/d15160c9a6d147da60a18dd0d8f3f01f?utm_campaign=google_jobs_apply&#038;utm_source=google_jobs_apply&#038;utm_medium=organic\" style=\"width: 100%; display: inline-block; color: white; text-decoration: none; border-radius: 6px; font-size: 16px; font-weight: bold; text-align: center; transition: transform 0.3s ease, background 0.3s ease; margin-top: auto;\" data-namespace-id=\"5c0d2565-3ba9-4280-a382-ad2a691e2285\"><br \/>\n        <button style=\"width: 100%; height: 55px; background: #e9e9ed; border: 1px solid black; color: black;\">\u6c42\u4eba\u306b\u5fdc\u52df\u3059\u308b<\/button><br \/>\n    <\/a><br \/>\n    <small style=\"margin-top: 10px; color: #777; font-size: 12px; text-align: center; display: block;\">\u5225\u306e\u30a6\u30a7\u30d6\u30b5\u30a4\u30c8\u306b\u30ea\u30c0\u30a4\u30ec\u30af\u30c8\u3055\u308c\u307e\u3059\u3002<\/small>\n<\/div>","protected":false},"excerpt":{"rendered":"<p>Descubra a vaga de gerente regional: sal\u00e1rio entre R$3.000 e R$6.000, benef\u00edcios atrativos, pr\u00eamios mensais e ambiente focado em resultados. Saiba se este desafio combina com seu perfil!<\/p>","protected":false},"author":3,"featured_media":0,"comment_status":"open","ping_status":"open","sticky":false,"template":"","format":"standard","meta":{"footnotes":""},"categories":[3],"tags":[],"yoast_head":"<!-- This site is optimized with the Yoast SEO plugin v23.3 - https:\/\/yoast.com\/wordpress\/plugins\/seo\/ -->\n<title>Gerente Regional: Lideran\u00e7a Comercial, Sal\u00e1rio Competitivo e Benef\u00edcios Atrativos - Let&#039;s Go Nerd<\/title>\n<meta name=\"robots\" content=\"index, follow, max-snippet:-1, max-image-preview:large, max-video-preview:-1\" \/>\n<link rel=\"canonical\" href=\"https:\/\/letsgonerd.com\/ja\/ff0c5f40-1603-4d21-9c97-5a04368739aa\/\" \/>\n<meta property=\"og:locale\" content=\"ja_JP\" \/>\n<meta property=\"og:type\" content=\"article\" \/>\n<meta property=\"og:title\" content=\"Gerente Regional: Lideran\u00e7a Comercial, Sal\u00e1rio Competitivo e Benef\u00edcios Atrativos - Let&#039;s Go Nerd\" \/>\n<meta property=\"og:description\" content=\"Descubra a vaga de gerente regional: sal\u00e1rio entre R$3.000 e R$6.000, benef\u00edcios atrativos, pr\u00eamios mensais e ambiente focado em resultados. Saiba se este desafio combina com seu perfil!\" \/>\n<meta property=\"og:url\" content=\"https:\/\/letsgonerd.com\/ja\/ff0c5f40-1603-4d21-9c97-5a04368739aa\/\" \/>\n<meta property=\"og:site_name\" content=\"Let&#039;s Go Nerd\" \/>\n<meta property=\"article:published_time\" content=\"2025-12-26T16:32:00+00:00\" \/>\n<meta property=\"article:modified_time\" content=\"2025-12-26T16:32:26+00:00\" \/>\n<meta name=\"author\" content=\"Bruno Gianni\" \/>\n<meta name=\"twitter:card\" content=\"summary_large_image\" \/>\n<meta name=\"twitter:label1\" content=\"Written by\" \/>\n\t<meta name=\"twitter:data1\" content=\"Bruno Gianni\" \/>\n\t<meta name=\"twitter:label2\" content=\"Est. reading time\" \/>\n\t<meta name=\"twitter:data2\" content=\"2\u5206\" \/>\n<script type=\"application\/ld+json\" class=\"yoast-schema-graph\">{\"@context\":\"https:\/\/schema.org\",\"@graph\":[{\"@type\":\"WebPage\",\"@id\":\"https:\/\/letsgonerd.com\/ff0c5f40-1603-4d21-9c97-5a04368739aa\/\",\"url\":\"https:\/\/letsgonerd.com\/ff0c5f40-1603-4d21-9c97-5a04368739aa\/\",\"name\":\"Gerente Regional: Lideran\u00e7a Comercial, Sal\u00e1rio Competitivo e Benef\u00edcios Atrativos - Let&#039;s Go Nerd\",\"isPartOf\":{\"@id\":\"https:\/\/letsgonerd.com\/#website\"},\"datePublished\":\"2025-12-26T16:32:00+00:00\",\"dateModified\":\"2025-12-26T16:32:26+00:00\",\"author\":{\"@id\":\"https:\/\/letsgonerd.com\/#\/schema\/person\/d52888235fd6563bd07d97185d6a61e4\"},\"breadcrumb\":{\"@id\":\"https:\/\/letsgonerd.com\/ff0c5f40-1603-4d21-9c97-5a04368739aa\/#breadcrumb\"},\"inLanguage\":\"ja\",\"potentialAction\":[{\"@type\":\"ReadAction\",\"target\":[\"https:\/\/letsgonerd.com\/ff0c5f40-1603-4d21-9c97-5a04368739aa\/\"]}]},{\"@type\":\"BreadcrumbList\",\"@id\":\"https:\/\/letsgonerd.com\/ff0c5f40-1603-4d21-9c97-5a04368739aa\/#breadcrumb\",\"itemListElement\":[{\"@type\":\"ListItem\",\"position\":1,\"name\":\"Home\",\"item\":\"https:\/\/letsgonerd.com\/\"},{\"@type\":\"ListItem\",\"position\":2,\"name\":\"Gerente Regional: Lideran\u00e7a Comercial, Sal\u00e1rio Competitivo e Benef\u00edcios Atrativos\"}]},{\"@type\":\"WebSite\",\"@id\":\"https:\/\/letsgonerd.com\/#website\",\"url\":\"https:\/\/letsgonerd.com\/\",\"name\":\"Let&#039;s Go Nerd\",\"description\":\"\",\"potentialAction\":[{\"@type\":\"SearchAction\",\"target\":{\"@type\":\"EntryPoint\",\"urlTemplate\":\"https:\/\/letsgonerd.com\/?s={search_term_string}\"},\"query-input\":\"required name=search_term_string\"}],\"inLanguage\":\"ja\"},{\"@type\":\"Person\",\"@id\":\"https:\/\/letsgonerd.com\/#\/schema\/person\/d52888235fd6563bd07d97185d6a61e4\",\"name\":\"Bruno Gianni\",\"image\":{\"@type\":\"ImageObject\",\"inLanguage\":\"ja\",\"@id\":\"https:\/\/letsgonerd.com\/#\/schema\/person\/image\/\",\"url\":\"https:\/\/secure.gravatar.com\/avatar\/0f5d42d7bf77874643c1478932860e3f?s=96&d=mm&r=g\",\"contentUrl\":\"https:\/\/secure.gravatar.com\/avatar\/0f5d42d7bf77874643c1478932860e3f?s=96&d=mm&r=g\",\"caption\":\"Bruno Gianni\"},\"description\":\"Bruno writes the way he lives, with curiosity, care, and respect for people. He likes to observe, listen, and try to understand what is happening on the other side before putting any words on the page.For him, writing is not about impressing, but about getting closer. It is about turning thoughts into something simple, clear, and real. Every text is an ongoing conversation, created with care and honesty, with the sincere intention of touching someone, somewhere along the way.\",\"url\":\"https:\/\/letsgonerd.com\/ja\/author\/bcgianni\/\"}]}<\/script>\n<!-- \/ Yoast SEO plugin. -->","yoast_head_json":{"title":"Gerente Regional: Lideran\u00e7a Comercial, Sal\u00e1rio Competitivo e Benef\u00edcios Atrativos - Let&#039;s Go Nerd","robots":{"index":"index","follow":"follow","max-snippet":"max-snippet:-1","max-image-preview":"max-image-preview:large","max-video-preview":"max-video-preview:-1"},"canonical":"https:\/\/letsgonerd.com\/ja\/ff0c5f40-1603-4d21-9c97-5a04368739aa\/","og_locale":"ja_JP","og_type":"article","og_title":"Gerente Regional: Lideran\u00e7a Comercial, Sal\u00e1rio Competitivo e Benef\u00edcios Atrativos - Let&#039;s Go Nerd","og_description":"Descubra a vaga de gerente regional: sal\u00e1rio entre R$3.000 e R$6.000, benef\u00edcios atrativos, pr\u00eamios mensais e ambiente focado em resultados. Saiba se este desafio combina com seu perfil!","og_url":"https:\/\/letsgonerd.com\/ja\/ff0c5f40-1603-4d21-9c97-5a04368739aa\/","og_site_name":"Let&#039;s Go Nerd","article_published_time":"2025-12-26T16:32:00+00:00","article_modified_time":"2025-12-26T16:32:26+00:00","author":"Bruno Gianni","twitter_card":"summary_large_image","twitter_misc":{"Written by":"Bruno Gianni","Est. reading time":"2\u5206"},"schema":{"@context":"https:\/\/schema.org","@graph":[{"@type":"WebPage","@id":"https:\/\/letsgonerd.com\/ff0c5f40-1603-4d21-9c97-5a04368739aa\/","url":"https:\/\/letsgonerd.com\/ff0c5f40-1603-4d21-9c97-5a04368739aa\/","name":"Gerente Regional: Lideran\u00e7a Comercial, Sal\u00e1rio Competitivo e Benef\u00edcios Atrativos - Let&#039;s Go Nerd","isPartOf":{"@id":"https:\/\/letsgonerd.com\/#website"},"datePublished":"2025-12-26T16:32:00+00:00","dateModified":"2025-12-26T16:32:26+00:00","author":{"@id":"https:\/\/letsgonerd.com\/#\/schema\/person\/d52888235fd6563bd07d97185d6a61e4"},"breadcrumb":{"@id":"https:\/\/letsgonerd.com\/ff0c5f40-1603-4d21-9c97-5a04368739aa\/#breadcrumb"},"inLanguage":"ja","potentialAction":[{"@type":"ReadAction","target":["https:\/\/letsgonerd.com\/ff0c5f40-1603-4d21-9c97-5a04368739aa\/"]}]},{"@type":"BreadcrumbList","@id":"https:\/\/letsgonerd.com\/ff0c5f40-1603-4d21-9c97-5a04368739aa\/#breadcrumb","itemListElement":[{"@type":"ListItem","position":1,"name":"Home","item":"https:\/\/letsgonerd.com\/"},{"@type":"ListItem","position":2,"name":"Gerente Regional: Lideran\u00e7a Comercial, Sal\u00e1rio Competitivo e Benef\u00edcios Atrativos"}]},{"@type":"WebSite","@id":"https:\/\/letsgonerd.com\/#website","url":"https:\/\/letsgonerd.com\/","name":"Let&#039;s Go Nerd","description":"","potentialAction":[{"@type":"SearchAction","target":{"@type":"EntryPoint","urlTemplate":"https:\/\/letsgonerd.com\/?s={search_term_string}"},"query-input":"required name=search_term_string"}],"inLanguage":"ja"},{"@type":"Person","@id":"https:\/\/letsgonerd.com\/#\/schema\/person\/d52888235fd6563bd07d97185d6a61e4","name":"Bruno Gianni","image":{"@type":"ImageObject","inLanguage":"ja","@id":"https:\/\/letsgonerd.com\/#\/schema\/person\/image\/","url":"https:\/\/secure.gravatar.com\/avatar\/0f5d42d7bf77874643c1478932860e3f?s=96&d=mm&r=g","contentUrl":"https:\/\/secure.gravatar.com\/avatar\/0f5d42d7bf77874643c1478932860e3f?s=96&d=mm&r=g","caption":"Bruno Gianni"},"description":"Bruno writes the way he lives, with curiosity, care, and respect for people. He likes to observe, listen, and try to understand what is happening on the other side before putting any words on the page.For him, writing is not about impressing, but about getting closer. It is about turning thoughts into something simple, clear, and real. Every text is an ongoing conversation, created with care and honesty, with the sincere intention of touching someone, somewhere along the way.","url":"https:\/\/letsgonerd.com\/ja\/author\/bcgianni\/"}]}},"_links":{"self":[{"href":"https:\/\/letsgonerd.com\/ja\/wp-json\/wp\/v2\/posts\/1819"}],"collection":[{"href":"https:\/\/letsgonerd.com\/ja\/wp-json\/wp\/v2\/posts"}],"about":[{"href":"https:\/\/letsgonerd.com\/ja\/wp-json\/wp\/v2\/types\/post"}],"author":[{"embeddable":true,"href":"https:\/\/letsgonerd.com\/ja\/wp-json\/wp\/v2\/users\/3"}],"replies":[{"embeddable":true,"href":"https:\/\/letsgonerd.com\/ja\/wp-json\/wp\/v2\/comments?post=1819"}],"version-history":[{"count":1,"href":"https:\/\/letsgonerd.com\/ja\/wp-json\/wp\/v2\/posts\/1819\/revisions"}],"predecessor-version":[{"id":1828,"href":"https:\/\/letsgonerd.com\/ja\/wp-json\/wp\/v2\/posts\/1819\/revisions\/1828"}],"wp:attachment":[{"href":"https:\/\/letsgonerd.com\/ja\/wp-json\/wp\/v2\/media?parent=1819"}],"wp:term":[{"taxonomy":"category","embeddable":true,"href":"https:\/\/letsgonerd.com\/ja\/wp-json\/wp\/v2\/categories?post=1819"},{"taxonomy":"post_tag","embeddable":true,"href":"https:\/\/letsgonerd.com\/ja\/wp-json\/wp\/v2\/tags?post=1819"}],"curies":[{"name":"wp","href":"https:\/\/api.w.org\/{rel}","templated":true}]}}