{"id":1230,"date":"2025-12-23T01:43:00","date_gmt":"2025-12-23T01:43:00","guid":{"rendered":"https:\/\/letsgonerd.com\/d7b9dbae-3a05-49b2-af55-cd1330739a17\/"},"modified":"2025-12-23T01:43:09","modified_gmt":"2025-12-23T01:43:09","slug":"d7b9dbae-3a05-49b2-af55-cd1330739a17","status":"publish","type":"post","link":"https:\/\/letsgonerd.com\/ja\/d7b9dbae-3a05-49b2-af55-cd1330739a17\/","title":{"rendered":"Vaga Executivo de Vendas PL Nestl\u00e9: Relacionamento, An\u00e1lises e Crescimento Profissional"},"content":{"rendered":"<\/p>\n<\/p>\n<div style=\"background: #ffffff; border-radius: 12px; box-shadow: 0 10px 30px rgba(0, 0, 0, 0.1); width: 100%; max-width: 340px; padding: 25px; transition: transform 0.3s ease-in-out; overflow: visible; display: flex; flex-direction: column; position: relative; border: 1px solid #28a745; margin-top: 70px; margin-bottom: 50px; margin-left: auto; margin-right: auto;\">\n<div style=\"position: absolute; top: -35px; right: 15px; color: #28a745; padding: 5px 10px; border-radius: 6px; font-size: 14px; font-weight: bold; display: flex; align-items: center; z-index: 10;\">\u3042\u306a\u305f\u306b\u304a\u3059\u3059\u3081<\/div>\n<div data-namespace-header=\"\" style=\"\">\n<h3 data-namespace-title=\"\" style=\"color: #333; font-size: 20px; font-weight: bold; text-align: left; margin-right: 50px; min-height: 50px; margin-top: 0px;\">Executivo de Vendas PL<\/h3>\n<\/p><\/div>\n<p data-namespace-prompt=\"\" style=\"font-size: 16px; color: #666; margin-bottom: 20px; line-height: 1.5; flex-grow: 1; text-align: left; margin-top: 0px;\">Desenvolva carreira s\u00f3lida, relacionamento com clientes e an\u00e1lise de resultados. Requisitos incluem ensino superior, CNH B e habilidades em Excel e Power BI.<\/p>\n<p>    <a data-namespace-url=\"\" href=\"https:\/\/letsgonerd.com\/ja\/redirect\/?https:\/\/jobdetails.nestle.com\/job\/Fortaleza-Posi\u00e7\u00e3o-Executiva-de-Vendas-PL-Fortaleza,-CE-CE-60170-001\/1276782901\/?utm_campaign=google_jobs_apply&#038;utm_source=google_jobs_apply&#038;utm_medium=organic\" style=\"width: 100%; display: inline-block; color: white; text-decoration: none; border-radius: 6px; font-size: 16px; font-weight: bold; text-align: center; transition: transform 0.3s ease, background 0.3s ease; margin-top: auto;\" data-namespace-id=\"5c0d2565-3ba9-4280-a382-ad2a691e2285\"><br \/>\n        <button style=\"width: 100%; height: 55px; background: #e9e9ed; border: 1px solid black; color: black;\">\u6c42\u4eba\u306b\u5fdc\u52df\u3059\u308b<\/button><br \/>\n    <\/a><br \/>\n    <small style=\"margin-top: 10px; color: #777; font-size: 12px; text-align: center; display: block;\">\u5225\u306e\u30a6\u30a7\u30d6\u30b5\u30a4\u30c8\u306b\u30ea\u30c0\u30a4\u30ec\u30af\u30c8\u3055\u308c\u307e\u3059\u3002<\/small>\n<\/div>\n<p>A vaga de Executivo de Vendas PL para a Nestl\u00e9 oferece ambiente inclusivo, carreira est\u00e1vel e oportunidades reais de crescimento. O cargo \u00e9 presencial, requer ensino superior completo e habilidades em an\u00e1lise de dados. Outras exig\u00eancias incluem CNH categoria B ativa e conhecimento em ferramentas como Excel, Power BI e, desejavelmente, sistemas SAP\/CRM.<\/p>\n<p>No seu dia a dia, quem ocupa este cargo ficar\u00e1 respons\u00e1vel por gerir metas de vendas mensais, acompanhar resultados (Sell in\/Sell Out) e implementar estrat\u00e9gias comerciais da empresa. O executivo dever\u00e1 analisar indicadores, controlar carteira de clientes e prestar suporte desde o processo de pedido at\u00e9 a entrega, cobran\u00e7a e cr\u00e9dito, al\u00e9m de manter pol\u00edticas comerciais e garantir a execu\u00e7\u00e3o correta de pre\u00e7os e mix de produtos.<\/p>\n<h2>Responsabilidades e Rotina de Trabalho<\/h2>\n<p>O Executivo de Vendas acompanha performance de vendas, gerencia estoque dos clientes e elabora estrat\u00e9gias de crescimento. Ele tamb\u00e9m apoia na execu\u00e7\u00e3o de planos comerciais personalizados conforme exig\u00eancias de cada cliente, garantindo que as metas definidas sejam sempre atingidas.<\/p>\n<p>Atuando sempre com equipe de Merchandising, o profissional deve visitar pontos de venda, analisar rupturas e planejar a\u00e7\u00f5es promocionais. Trata-se de um cargo altamente din\u00e2mico e anal\u00edtico, voltado para otimiza\u00e7\u00e3o de processos e resultados.<\/p>\n<p>A rotina inclui participa\u00e7\u00e3o ativa em reuni\u00f5es estrat\u00e9gicas, contato pr\u00f3ximo com \u00e1reas de apoio e vis\u00e3o anal\u00edtica para ajustar decis\u00f5es conforme o desempenho apresentado em pesquisas como Advantage.<\/p>\n<p>Adicionalmente, o executivo \u00e9 incentivado a desenvolver um mindset omnichannel, compreendendo a import\u00e2ncia dos canais digitais e f\u00edsicos para ampliar a visibilidade e disponibilidade dos produtos Nestl\u00e9.<\/p>\n<h2>\u826f\u3044\u70b9<\/h2>\n<p>Trabalhar na Nestl\u00e9 significa estar em uma empresa l\u00edder mundial, com uma cultura de inclus\u00e3o, valoriza\u00e7\u00e3o do colaborador e forte esp\u00edrito de equipe.<\/p>\n<p>A possibilidade de crescimento \u00e9 real para quem busca focar em resultados, relacionamento e inova\u00e7\u00e3o na rotina.<\/p>\n<p>O sal\u00e1rio e benef\u00edcios tradicionais do setor de vendas corporativas geralmente s\u00e3o compat\u00edveis com o mercado e proporcionam estabilidade e qualidade de vida ao colaborador.<\/p>\n<h2>\u30de\u30a4\u30ca\u30b9\u30dd\u30a4\u30f3\u30c8<\/h2>\n<p>O ambiente de vendas pode ser altamente pressionado por metas e indicadores, exigindo resili\u00eancia e capacidade r\u00e1pida de adapta\u00e7\u00e3o.<\/p>\n<p>Al\u00e9m disso, a carga de trabalho pode oscilar conforme volumes de vendas e per\u00edodos sazonais, o que pode gerar necessidade de maior organiza\u00e7\u00e3o pessoal.<\/p>\n<h2>\u6700\u7d42\u8a55\u6c7a<\/h2>\n<p>A vaga de Executivo de Vendas PL da Nestl\u00e9 \u00e9 recomendada para quem busca crescimento, contato pr\u00f3ximo com clientes e desafios constantes na \u00e1rea comercial. Se voc\u00ea se identifica com ambiente din\u00e2mico e quer fazer parte de uma equipe com prop\u00f3sito, esta oportunidade pode ser ideal para sua trajet\u00f3ria.<\/p>\n<div style=\"background: #ffffff; border-radius: 12px; box-shadow: 0 10px 30px rgba(0, 0, 0, 0.1); width: 100%; max-width: 340px; padding: 25px; transition: transform 0.3s ease-in-out; overflow: visible; display: flex; flex-direction: column; position: relative; border: 1px solid #28a745; margin-top: 70px; margin-bottom: 50px; margin-left: auto; margin-right: auto;\">\n<div style=\"position: absolute; top: -35px; right: 15px; color: #28a745; padding: 5px 10px; border-radius: 6px; font-size: 14px; font-weight: bold; display: flex; align-items: center; z-index: 10;\">\u3042\u306a\u305f\u306b\u304a\u3059\u3059\u3081<\/div>\n<div data-namespace-header=\"\" style=\"\">\n<h3 data-namespace-title=\"\" style=\"color: #333; font-size: 20px; font-weight: bold; text-align: left; margin-right: 50px; min-height: 50px; margin-top: 0px;\">Executivo de Vendas PL<\/h3>\n<\/p><\/div>\n<p data-namespace-prompt=\"\" style=\"font-size: 16px; color: #666; margin-bottom: 20px; line-height: 1.5; flex-grow: 1; text-align: left; margin-top: 0px;\">Desenvolva carreira s\u00f3lida, relacionamento com clientes e an\u00e1lise de resultados. Requisitos incluem ensino superior, CNH B e habilidades em Excel e Power BI.<\/p>\n<p>    <a data-namespace-url=\"\" href=\"https:\/\/letsgonerd.com\/ja\/redirect\/?https:\/\/jobdetails.nestle.com\/job\/Fortaleza-Posi\u00e7\u00e3o-Executiva-de-Vendas-PL-Fortaleza,-CE-CE-60170-001\/1276782901\/?utm_campaign=google_jobs_apply&#038;utm_source=google_jobs_apply&#038;utm_medium=organic\" style=\"width: 100%; display: inline-block; color: white; text-decoration: none; border-radius: 6px; font-size: 16px; font-weight: bold; text-align: center; transition: transform 0.3s ease, background 0.3s ease; margin-top: auto;\" data-namespace-id=\"5c0d2565-3ba9-4280-a382-ad2a691e2285\"><br \/>\n        <button style=\"width: 100%; height: 55px; background: #e9e9ed; border: 1px solid black; color: black;\">\u6c42\u4eba\u306b\u5fdc\u52df\u3059\u308b<\/button><br \/>\n    <\/a><br \/>\n    <small style=\"margin-top: 10px; color: #777; font-size: 12px; text-align: center; display: block;\">\u5225\u306e\u30a6\u30a7\u30d6\u30b5\u30a4\u30c8\u306b\u30ea\u30c0\u30a4\u30ec\u30af\u30c8\u3055\u308c\u307e\u3059\u3002<\/small>\n<\/div>","protected":false},"excerpt":{"rendered":"<p>Descubra o que esperar da vaga Executivo de Vendas PL da Nestl\u00e9: ambiente inclusivo, rotina estrat\u00e9gica, pontos positivos e desafios para sua carreira em vendas.<\/p>","protected":false},"author":3,"featured_media":0,"comment_status":"open","ping_status":"open","sticky":false,"template":"","format":"standard","meta":{"footnotes":""},"categories":[3],"tags":[],"yoast_head":"<!-- This site is optimized with the Yoast SEO plugin v23.3 - https:\/\/yoast.com\/wordpress\/plugins\/seo\/ -->\n<title>Vaga Executivo de Vendas PL Nestl\u00e9: Relacionamento, An\u00e1lises e Crescimento Profissional - Let&#039;s Go Nerd<\/title>\n<meta name=\"robots\" content=\"index, follow, max-snippet:-1, max-image-preview:large, max-video-preview:-1\" \/>\n<link rel=\"canonical\" href=\"https:\/\/letsgonerd.com\/ja\/d7b9dbae-3a05-49b2-af55-cd1330739a17\/\" \/>\n<meta property=\"og:locale\" content=\"ja_JP\" \/>\n<meta property=\"og:type\" content=\"article\" \/>\n<meta property=\"og:title\" content=\"Vaga Executivo de Vendas PL Nestl\u00e9: Relacionamento, An\u00e1lises e Crescimento Profissional - Let&#039;s Go Nerd\" \/>\n<meta property=\"og:description\" content=\"Descubra o que esperar da vaga Executivo de Vendas PL da Nestl\u00e9: ambiente inclusivo, rotina estrat\u00e9gica, pontos positivos e desafios para sua carreira em vendas.\" \/>\n<meta property=\"og:url\" content=\"https:\/\/letsgonerd.com\/ja\/d7b9dbae-3a05-49b2-af55-cd1330739a17\/\" \/>\n<meta property=\"og:site_name\" content=\"Let&#039;s Go Nerd\" \/>\n<meta property=\"article:published_time\" content=\"2025-12-23T01:43:00+00:00\" \/>\n<meta property=\"article:modified_time\" content=\"2025-12-23T01:43:09+00:00\" \/>\n<meta name=\"author\" content=\"Bruno Gianni\" \/>\n<meta name=\"twitter:card\" content=\"summary_large_image\" \/>\n<meta name=\"twitter:label1\" content=\"Written by\" \/>\n\t<meta name=\"twitter:data1\" content=\"Bruno Gianni\" \/>\n\t<meta name=\"twitter:label2\" content=\"Est. reading time\" \/>\n\t<meta name=\"twitter:data2\" content=\"3\u5206\" \/>\n<script type=\"application\/ld+json\" class=\"yoast-schema-graph\">{\"@context\":\"https:\/\/schema.org\",\"@graph\":[{\"@type\":\"WebPage\",\"@id\":\"https:\/\/letsgonerd.com\/d7b9dbae-3a05-49b2-af55-cd1330739a17\/\",\"url\":\"https:\/\/letsgonerd.com\/d7b9dbae-3a05-49b2-af55-cd1330739a17\/\",\"name\":\"Vaga Executivo de Vendas PL Nestl\u00e9: Relacionamento, An\u00e1lises e Crescimento Profissional - Let&#039;s Go Nerd\",\"isPartOf\":{\"@id\":\"https:\/\/letsgonerd.com\/#website\"},\"datePublished\":\"2025-12-23T01:43:00+00:00\",\"dateModified\":\"2025-12-23T01:43:09+00:00\",\"author\":{\"@id\":\"https:\/\/letsgonerd.com\/#\/schema\/person\/d52888235fd6563bd07d97185d6a61e4\"},\"breadcrumb\":{\"@id\":\"https:\/\/letsgonerd.com\/d7b9dbae-3a05-49b2-af55-cd1330739a17\/#breadcrumb\"},\"inLanguage\":\"ja\",\"potentialAction\":[{\"@type\":\"ReadAction\",\"target\":[\"https:\/\/letsgonerd.com\/d7b9dbae-3a05-49b2-af55-cd1330739a17\/\"]}]},{\"@type\":\"BreadcrumbList\",\"@id\":\"https:\/\/letsgonerd.com\/d7b9dbae-3a05-49b2-af55-cd1330739a17\/#breadcrumb\",\"itemListElement\":[{\"@type\":\"ListItem\",\"position\":1,\"name\":\"Home\",\"item\":\"https:\/\/letsgonerd.com\/\"},{\"@type\":\"ListItem\",\"position\":2,\"name\":\"Vaga Executivo de Vendas PL Nestl\u00e9: Relacionamento, An\u00e1lises e Crescimento Profissional\"}]},{\"@type\":\"WebSite\",\"@id\":\"https:\/\/letsgonerd.com\/#website\",\"url\":\"https:\/\/letsgonerd.com\/\",\"name\":\"Let&#039;s Go Nerd\",\"description\":\"\",\"potentialAction\":[{\"@type\":\"SearchAction\",\"target\":{\"@type\":\"EntryPoint\",\"urlTemplate\":\"https:\/\/letsgonerd.com\/?s={search_term_string}\"},\"query-input\":\"required name=search_term_string\"}],\"inLanguage\":\"ja\"},{\"@type\":\"Person\",\"@id\":\"https:\/\/letsgonerd.com\/#\/schema\/person\/d52888235fd6563bd07d97185d6a61e4\",\"name\":\"Bruno Gianni\",\"image\":{\"@type\":\"ImageObject\",\"inLanguage\":\"ja\",\"@id\":\"https:\/\/letsgonerd.com\/#\/schema\/person\/image\/\",\"url\":\"https:\/\/secure.gravatar.com\/avatar\/0f5d42d7bf77874643c1478932860e3f?s=96&d=mm&r=g\",\"contentUrl\":\"https:\/\/secure.gravatar.com\/avatar\/0f5d42d7bf77874643c1478932860e3f?s=96&d=mm&r=g\",\"caption\":\"Bruno Gianni\"},\"description\":\"Bruno writes the way he lives, with curiosity, care, and respect for people. He likes to observe, listen, and try to understand what is happening on the other side before putting any words on the page.For him, writing is not about impressing, but about getting closer. It is about turning thoughts into something simple, clear, and real. Every text is an ongoing conversation, created with care and honesty, with the sincere intention of touching someone, somewhere along the way.\",\"url\":\"https:\/\/letsgonerd.com\/ja\/author\/bcgianni\/\"}]}<\/script>\n<!-- \/ Yoast SEO plugin. -->","yoast_head_json":{"title":"Vaga Executivo de Vendas PL Nestl\u00e9: Relacionamento, An\u00e1lises e Crescimento Profissional - Let&#039;s Go Nerd","robots":{"index":"index","follow":"follow","max-snippet":"max-snippet:-1","max-image-preview":"max-image-preview:large","max-video-preview":"max-video-preview:-1"},"canonical":"https:\/\/letsgonerd.com\/ja\/d7b9dbae-3a05-49b2-af55-cd1330739a17\/","og_locale":"ja_JP","og_type":"article","og_title":"Vaga Executivo de Vendas PL Nestl\u00e9: Relacionamento, An\u00e1lises e Crescimento Profissional - Let&#039;s Go Nerd","og_description":"Descubra o que esperar da vaga Executivo de Vendas PL da Nestl\u00e9: ambiente inclusivo, rotina estrat\u00e9gica, pontos positivos e desafios para sua carreira em vendas.","og_url":"https:\/\/letsgonerd.com\/ja\/d7b9dbae-3a05-49b2-af55-cd1330739a17\/","og_site_name":"Let&#039;s Go Nerd","article_published_time":"2025-12-23T01:43:00+00:00","article_modified_time":"2025-12-23T01:43:09+00:00","author":"Bruno Gianni","twitter_card":"summary_large_image","twitter_misc":{"Written by":"Bruno Gianni","Est. reading time":"3\u5206"},"schema":{"@context":"https:\/\/schema.org","@graph":[{"@type":"WebPage","@id":"https:\/\/letsgonerd.com\/d7b9dbae-3a05-49b2-af55-cd1330739a17\/","url":"https:\/\/letsgonerd.com\/d7b9dbae-3a05-49b2-af55-cd1330739a17\/","name":"Vaga Executivo de Vendas PL Nestl\u00e9: Relacionamento, An\u00e1lises e Crescimento Profissional - Let&#039;s Go Nerd","isPartOf":{"@id":"https:\/\/letsgonerd.com\/#website"},"datePublished":"2025-12-23T01:43:00+00:00","dateModified":"2025-12-23T01:43:09+00:00","author":{"@id":"https:\/\/letsgonerd.com\/#\/schema\/person\/d52888235fd6563bd07d97185d6a61e4"},"breadcrumb":{"@id":"https:\/\/letsgonerd.com\/d7b9dbae-3a05-49b2-af55-cd1330739a17\/#breadcrumb"},"inLanguage":"ja","potentialAction":[{"@type":"ReadAction","target":["https:\/\/letsgonerd.com\/d7b9dbae-3a05-49b2-af55-cd1330739a17\/"]}]},{"@type":"BreadcrumbList","@id":"https:\/\/letsgonerd.com\/d7b9dbae-3a05-49b2-af55-cd1330739a17\/#breadcrumb","itemListElement":[{"@type":"ListItem","position":1,"name":"Home","item":"https:\/\/letsgonerd.com\/"},{"@type":"ListItem","position":2,"name":"Vaga Executivo de Vendas PL Nestl\u00e9: Relacionamento, An\u00e1lises e Crescimento Profissional"}]},{"@type":"WebSite","@id":"https:\/\/letsgonerd.com\/#website","url":"https:\/\/letsgonerd.com\/","name":"Let&#039;s Go Nerd","description":"","potentialAction":[{"@type":"SearchAction","target":{"@type":"EntryPoint","urlTemplate":"https:\/\/letsgonerd.com\/?s={search_term_string}"},"query-input":"required name=search_term_string"}],"inLanguage":"ja"},{"@type":"Person","@id":"https:\/\/letsgonerd.com\/#\/schema\/person\/d52888235fd6563bd07d97185d6a61e4","name":"Bruno Gianni","image":{"@type":"ImageObject","inLanguage":"ja","@id":"https:\/\/letsgonerd.com\/#\/schema\/person\/image\/","url":"https:\/\/secure.gravatar.com\/avatar\/0f5d42d7bf77874643c1478932860e3f?s=96&d=mm&r=g","contentUrl":"https:\/\/secure.gravatar.com\/avatar\/0f5d42d7bf77874643c1478932860e3f?s=96&d=mm&r=g","caption":"Bruno Gianni"},"description":"Bruno writes the way he lives, with curiosity, care, and respect for people. He likes to observe, listen, and try to understand what is happening on the other side before putting any words on the page.For him, writing is not about impressing, but about getting closer. It is about turning thoughts into something simple, clear, and real. Every text is an ongoing conversation, created with care and honesty, with the sincere intention of touching someone, somewhere along the way.","url":"https:\/\/letsgonerd.com\/ja\/author\/bcgianni\/"}]}},"_links":{"self":[{"href":"https:\/\/letsgonerd.com\/ja\/wp-json\/wp\/v2\/posts\/1230"}],"collection":[{"href":"https:\/\/letsgonerd.com\/ja\/wp-json\/wp\/v2\/posts"}],"about":[{"href":"https:\/\/letsgonerd.com\/ja\/wp-json\/wp\/v2\/types\/post"}],"author":[{"embeddable":true,"href":"https:\/\/letsgonerd.com\/ja\/wp-json\/wp\/v2\/users\/3"}],"replies":[{"embeddable":true,"href":"https:\/\/letsgonerd.com\/ja\/wp-json\/wp\/v2\/comments?post=1230"}],"version-history":[{"count":1,"href":"https:\/\/letsgonerd.com\/ja\/wp-json\/wp\/v2\/posts\/1230\/revisions"}],"predecessor-version":[{"id":1239,"href":"https:\/\/letsgonerd.com\/ja\/wp-json\/wp\/v2\/posts\/1230\/revisions\/1239"}],"wp:attachment":[{"href":"https:\/\/letsgonerd.com\/ja\/wp-json\/wp\/v2\/media?parent=1230"}],"wp:term":[{"taxonomy":"category","embeddable":true,"href":"https:\/\/letsgonerd.com\/ja\/wp-json\/wp\/v2\/categories?post=1230"},{"taxonomy":"post_tag","embeddable":true,"href":"https:\/\/letsgonerd.com\/ja\/wp-json\/wp\/v2\/tags?post=1230"}],"curies":[{"name":"wp","href":"https:\/\/api.w.org\/{rel}","templated":true}]}}