{"id":1662,"date":"2025-12-25T02:37:00","date_gmt":"2025-12-25T02:37:00","guid":{"rendered":"https:\/\/letsgonerd.com\/cc126f98-19ed-41de-9ad6-4ae3c45e489b\/"},"modified":"2025-12-25T02:37:06","modified_gmt":"2025-12-25T02:37:06","slug":"cc126f98-19ed-41de-9ad6-4ae3c45e489b","status":"publish","type":"post","link":"https:\/\/letsgonerd.com\/en\/cc126f98-19ed-41de-9ad6-4ae3c45e489b\/","title":{"rendered":"Vaga de Promotor de Vendas Ferista: Sal\u00e1rio, Benef\u00edcios e Destaques"},"content":{"rendered":"<\/p>\n<\/p>\n<div style=\"background: #ffffff; border-radius: 12px; box-shadow: 0 10px 30px rgba(0, 0, 0, 0.1); width: 100%; max-width: 340px; padding: 25px; transition: transform 0.3s ease-in-out; overflow: visible; display: flex; flex-direction: column; position: relative; border: 1px solid #28a745; margin-top: 70px; margin-bottom: 50px; margin-left: auto; margin-right: auto;\">\n<div style=\"position: absolute; top: -35px; right: 15px; color: #28a745; padding: 5px 10px; border-radius: 6px; font-size: 14px; font-weight: bold; display: flex; align-items: center; z-index: 10;\">Recommended for you<\/div>\n<div data-namespace-header=\"\" style=\"\">\n<h3 data-namespace-title=\"\" style=\"color: #333; font-size: 20px; font-weight: bold; text-align: left; margin-right: 50px; min-height: 50px; margin-top: 0px;\">Promotor de Vendas Ferista<\/h3>\n<\/p><\/div>\n<p data-namespace-prompt=\"\" style=\"font-size: 16px; color: #666; margin-bottom: 20px; line-height: 1.5; flex-grow: 1; text-align: left; margin-top: 0px;\">Oportunidade para atuar com exposi\u00e7\u00e3o de produtos, estrat\u00e9gias de merchandising e coleta de dados. Contrato tempor\u00e1rio, sal\u00e1rio mensal e benef\u00edcios como VR e VT.<\/p>\n<p>    <a data-namespace-url=\"\" href=\"https:\/\/letsgonerd.com\/en\/redirect\/?https:\/\/www.catho.com.br\/vagas\/promotor-de-vendas-ferista-farma-e-alimentar-recife-pe\/34669092\/?utm_campaign=google_jobs_apply&#038;utm_source=google_jobs_apply&#038;utm_medium=organic\" style=\"width: 100%; display: inline-block; color: white; text-decoration: none; border-radius: 6px; font-size: 16px; font-weight: bold; text-align: center; transition: transform 0.3s ease, background 0.3s ease; margin-top: auto;\" data-namespace-id=\"5c0d2565-3ba9-4280-a382-ad2a691e2285\"><br \/>\n        <button style=\"width: 100%; height: 55px; background: #e9e9ed; border: 1px solid black; color: black;\">Apply for the job<\/button><br \/>\n    <\/a><br \/>\n    <small style=\"margin-top: 10px; color: #777; font-size: 12px; text-align: center; display: block;\">You will be redirected to another website.<\/small>\n<\/div>\n<h2>Vis\u00e3o Geral da Vaga<\/h2>\n<p>O cargo de Promotor de Vendas Ferista destaca-se por uma rotina din\u00e2mica, lidando diretamente com a exposi\u00e7\u00e3o e promo\u00e7\u00e3o de produtos em pontos de venda.<\/p>\n<p>Este cargo oferece sal\u00e1rio mensal competitivo, vale-refei\u00e7\u00e3o di\u00e1rio e vale-transporte conforme a necessidade, al\u00e9m de um regime de contrata\u00e7\u00e3o tempor\u00e1rio.<\/p>\n<p>A jornada acontece de segunda a sexta-feira das 7h \u00e0s 16h e, aos s\u00e1bados, das 7h \u00e0s 11h, proporcionando hor\u00e1rios claros ao candidato.<\/p>\n<p>A empresa disponibiliza treinamento inicial, materiais para trabalho e suporte constante para garantir a qualidade da atua\u00e7\u00e3o e dos resultados.<\/p>\n<p>H\u00e1 oportunidade de aprendizado em estrat\u00e9gias de merchandising e pesquisa de mercado no varejo alimentar e farmac\u00eautico.<\/p>\n<h2>Daily Responsibilities<\/h2>\n<p>Diariamente, o profissional deve garantir o layout correto dos produtos nas prateleiras, mantendo organiza\u00e7\u00e3o, apresenta\u00e7\u00e3o e pre\u00e7os vis\u00edveis.<\/p>\n<p>Tamb\u00e9m \u00e9 respons\u00e1vel por coletar dados de pre\u00e7os, exposi\u00e7\u00f5es e a\u00e7\u00f5es realizadas no ponto de venda, cumprindo as rotinas estabelecidas.<\/p>\n<p>O colaborador executa estrat\u00e9gias de merchandising, identifica oportunidades de espa\u00e7os extras e apoia o time nas promo\u00e7\u00f5es.<\/p>\n<p>Al\u00e9m disso, \u00e9 preciso realizar check-in e check-out em cada loja visitada, mantendo registros precisos das visitas e despesas de locomo\u00e7\u00e3o.<\/p>\n<p>O relacionamento com encarregados e equipes das lojas \u00e9 essencial para multiplicar conhecimentos e garantir a execu\u00e7\u00e3o de treinamentos.<\/p>\n<h2>Positive aspects of the position<\/h2>\n<p>O primeiro grande destaque fica para os benef\u00edcios oferecidos, como vale-refei\u00e7\u00e3o di\u00e1rio e vale-transporte, o que ajuda no or\u00e7amento mensal.<\/p>\n<p>Al\u00e9m disso, a rotina diversificada de atividades proporciona aprendizado pr\u00e1tico e contato com v\u00e1rias equipes e ambientes de trabalho.<\/p>\n<h2>Points to Consider<\/h2>\n<p>Apesar dos benef\u00edcios, o cargo \u00e9 tempor\u00e1rio, o que pode n\u00e3o ser ideal para quem busca estabilidade a longo prazo.<\/p>\n<p>A jornada extensa e atividades m\u00faltiplas exigem bastante energia e capacidade de organiza\u00e7\u00e3o do candidato.<\/p>\n<h2>Final Verdict<\/h2>\n<p>A vaga de Promotor de Vendas Ferista \u00e9 recomendada para quem busca experi\u00eancia pr\u00e1tica no com\u00e9rcio e benef\u00edcios vantajosos enquanto desenvolve habilidades no setor de merchandising.<\/p>\n<div style=\"background: #ffffff; border-radius: 12px; box-shadow: 0 10px 30px rgba(0, 0, 0, 0.1); width: 100%; max-width: 340px; padding: 25px; transition: transform 0.3s ease-in-out; overflow: visible; display: flex; flex-direction: column; position: relative; border: 1px solid #28a745; margin-top: 70px; margin-bottom: 50px; margin-left: auto; margin-right: auto;\">\n<div style=\"position: absolute; top: -35px; right: 15px; color: #28a745; padding: 5px 10px; border-radius: 6px; font-size: 14px; font-weight: bold; display: flex; align-items: center; z-index: 10;\">Recommended for you<\/div>\n<div data-namespace-header=\"\" style=\"\">\n<h3 data-namespace-title=\"\" style=\"color: #333; font-size: 20px; font-weight: bold; text-align: left; margin-right: 50px; min-height: 50px; margin-top: 0px;\">Promotor de Vendas Ferista<\/h3>\n<\/p><\/div>\n<p data-namespace-prompt=\"\" style=\"font-size: 16px; color: #666; margin-bottom: 20px; line-height: 1.5; flex-grow: 1; text-align: left; margin-top: 0px;\">Oportunidade para atuar com exposi\u00e7\u00e3o de produtos, estrat\u00e9gias de merchandising e coleta de dados. Contrato tempor\u00e1rio, sal\u00e1rio mensal e benef\u00edcios como VR e VT.<\/p>\n<p>    <a data-namespace-url=\"\" href=\"https:\/\/letsgonerd.com\/en\/redirect\/?https:\/\/www.catho.com.br\/vagas\/promotor-de-vendas-ferista-farma-e-alimentar-recife-pe\/34669092\/?utm_campaign=google_jobs_apply&#038;utm_source=google_jobs_apply&#038;utm_medium=organic\" style=\"width: 100%; display: inline-block; color: white; text-decoration: none; border-radius: 6px; font-size: 16px; font-weight: bold; text-align: center; transition: transform 0.3s ease, background 0.3s ease; margin-top: auto;\" data-namespace-id=\"5c0d2565-3ba9-4280-a382-ad2a691e2285\"><br \/>\n        <button style=\"width: 100%; height: 55px; background: #e9e9ed; border: 1px solid black; color: black;\">Apply for the job<\/button><br \/>\n    <\/a><br \/>\n    <small style=\"margin-top: 10px; color: #777; font-size: 12px; text-align: center; display: block;\">You will be redirected to another website.<\/small>\n<\/div>","protected":false},"excerpt":{"rendered":"<p>Explore a vaga de Promotor de Vendas Ferista! Saiba mais sobre sal\u00e1rio, benef\u00edcios, rotina e o que torna essa oportunidade uma excelente escolha para desenvolver experi\u00eancia comercial.<\/p>","protected":false},"author":3,"featured_media":0,"comment_status":"open","ping_status":"open","sticky":false,"template":"","format":"standard","meta":{"footnotes":""},"categories":[3],"tags":[],"yoast_head":"<!-- This site is optimized with the Yoast SEO plugin v23.3 - https:\/\/yoast.com\/wordpress\/plugins\/seo\/ -->\n<title>Vaga de Promotor de Vendas Ferista: Sal\u00e1rio, Benef\u00edcios e Destaques - Let&#039;s Go Nerd<\/title>\n<meta name=\"robots\" content=\"index, follow, max-snippet:-1, max-image-preview:large, max-video-preview:-1\" \/>\n<link rel=\"canonical\" href=\"https:\/\/letsgonerd.com\/en\/cc126f98-19ed-41de-9ad6-4ae3c45e489b\/\" \/>\n<meta property=\"og:locale\" content=\"en_US\" \/>\n<meta property=\"og:type\" content=\"article\" \/>\n<meta property=\"og:title\" content=\"Vaga de Promotor de Vendas Ferista: Sal\u00e1rio, Benef\u00edcios e Destaques - Let&#039;s Go Nerd\" \/>\n<meta property=\"og:description\" content=\"Explore a vaga de Promotor de Vendas Ferista! Saiba mais sobre sal\u00e1rio, benef\u00edcios, rotina e o que torna essa oportunidade uma excelente escolha para desenvolver experi\u00eancia comercial.\" \/>\n<meta property=\"og:url\" content=\"https:\/\/letsgonerd.com\/en\/cc126f98-19ed-41de-9ad6-4ae3c45e489b\/\" \/>\n<meta property=\"og:site_name\" content=\"Let&#039;s Go Nerd\" \/>\n<meta property=\"article:published_time\" content=\"2025-12-25T02:37:00+00:00\" \/>\n<meta property=\"article:modified_time\" content=\"2025-12-25T02:37:06+00:00\" \/>\n<meta name=\"author\" content=\"Bruno Gianni\" \/>\n<meta name=\"twitter:card\" content=\"summary_large_image\" \/>\n<meta name=\"twitter:label1\" content=\"Written by\" \/>\n\t<meta name=\"twitter:data1\" content=\"Bruno Gianni\" \/>\n\t<meta name=\"twitter:label2\" content=\"Est. reading time\" \/>\n\t<meta name=\"twitter:data2\" content=\"2 minutes\" \/>\n<script type=\"application\/ld+json\" class=\"yoast-schema-graph\">{\"@context\":\"https:\/\/schema.org\",\"@graph\":[{\"@type\":\"WebPage\",\"@id\":\"https:\/\/letsgonerd.com\/cc126f98-19ed-41de-9ad6-4ae3c45e489b\/\",\"url\":\"https:\/\/letsgonerd.com\/cc126f98-19ed-41de-9ad6-4ae3c45e489b\/\",\"name\":\"Vaga de Promotor de Vendas Ferista: Sal\u00e1rio, Benef\u00edcios e Destaques - Let&#039;s Go Nerd\",\"isPartOf\":{\"@id\":\"https:\/\/letsgonerd.com\/#website\"},\"datePublished\":\"2025-12-25T02:37:00+00:00\",\"dateModified\":\"2025-12-25T02:37:06+00:00\",\"author\":{\"@id\":\"https:\/\/letsgonerd.com\/#\/schema\/person\/d52888235fd6563bd07d97185d6a61e4\"},\"breadcrumb\":{\"@id\":\"https:\/\/letsgonerd.com\/cc126f98-19ed-41de-9ad6-4ae3c45e489b\/#breadcrumb\"},\"inLanguage\":\"en-US\",\"potentialAction\":[{\"@type\":\"ReadAction\",\"target\":[\"https:\/\/letsgonerd.com\/cc126f98-19ed-41de-9ad6-4ae3c45e489b\/\"]}]},{\"@type\":\"BreadcrumbList\",\"@id\":\"https:\/\/letsgonerd.com\/cc126f98-19ed-41de-9ad6-4ae3c45e489b\/#breadcrumb\",\"itemListElement\":[{\"@type\":\"ListItem\",\"position\":1,\"name\":\"Home\",\"item\":\"https:\/\/letsgonerd.com\/\"},{\"@type\":\"ListItem\",\"position\":2,\"name\":\"Vaga de Promotor de Vendas Ferista: Sal\u00e1rio, Benef\u00edcios e Destaques\"}]},{\"@type\":\"WebSite\",\"@id\":\"https:\/\/letsgonerd.com\/#website\",\"url\":\"https:\/\/letsgonerd.com\/\",\"name\":\"Let&#039;s Go Nerd\",\"description\":\"\",\"potentialAction\":[{\"@type\":\"SearchAction\",\"target\":{\"@type\":\"EntryPoint\",\"urlTemplate\":\"https:\/\/letsgonerd.com\/?s={search_term_string}\"},\"query-input\":\"required name=search_term_string\"}],\"inLanguage\":\"en-US\"},{\"@type\":\"Person\",\"@id\":\"https:\/\/letsgonerd.com\/#\/schema\/person\/d52888235fd6563bd07d97185d6a61e4\",\"name\":\"Bruno Gianni\",\"image\":{\"@type\":\"ImageObject\",\"inLanguage\":\"en-US\",\"@id\":\"https:\/\/letsgonerd.com\/#\/schema\/person\/image\/\",\"url\":\"https:\/\/secure.gravatar.com\/avatar\/0f5d42d7bf77874643c1478932860e3f?s=96&d=mm&r=g\",\"contentUrl\":\"https:\/\/secure.gravatar.com\/avatar\/0f5d42d7bf77874643c1478932860e3f?s=96&d=mm&r=g\",\"caption\":\"Bruno Gianni\"},\"description\":\"Bruno writes the way he lives, with curiosity, care, and respect for people. He likes to observe, listen, and try to understand what is happening on the other side before putting any words on the page.For him, writing is not about impressing, but about getting closer. It is about turning thoughts into something simple, clear, and real. Every text is an ongoing conversation, created with care and honesty, with the sincere intention of touching someone, somewhere along the way.\",\"url\":\"https:\/\/letsgonerd.com\/en\/author\/bcgianni\/\"}]}<\/script>\n<!-- \/ Yoast SEO plugin. -->","yoast_head_json":{"title":"Vaga de Promotor de Vendas Ferista: Sal\u00e1rio, Benef\u00edcios e Destaques - Let&#039;s Go Nerd","robots":{"index":"index","follow":"follow","max-snippet":"max-snippet:-1","max-image-preview":"max-image-preview:large","max-video-preview":"max-video-preview:-1"},"canonical":"https:\/\/letsgonerd.com\/en\/cc126f98-19ed-41de-9ad6-4ae3c45e489b\/","og_locale":"en_US","og_type":"article","og_title":"Vaga de Promotor de Vendas Ferista: Sal\u00e1rio, Benef\u00edcios e Destaques - Let&#039;s Go Nerd","og_description":"Explore a vaga de Promotor de Vendas Ferista! Saiba mais sobre sal\u00e1rio, benef\u00edcios, rotina e o que torna essa oportunidade uma excelente escolha para desenvolver experi\u00eancia comercial.","og_url":"https:\/\/letsgonerd.com\/en\/cc126f98-19ed-41de-9ad6-4ae3c45e489b\/","og_site_name":"Let&#039;s Go Nerd","article_published_time":"2025-12-25T02:37:00+00:00","article_modified_time":"2025-12-25T02:37:06+00:00","author":"Bruno Gianni","twitter_card":"summary_large_image","twitter_misc":{"Written by":"Bruno Gianni","Est. reading time":"2 minutes"},"schema":{"@context":"https:\/\/schema.org","@graph":[{"@type":"WebPage","@id":"https:\/\/letsgonerd.com\/cc126f98-19ed-41de-9ad6-4ae3c45e489b\/","url":"https:\/\/letsgonerd.com\/cc126f98-19ed-41de-9ad6-4ae3c45e489b\/","name":"Vaga de Promotor de Vendas Ferista: Sal\u00e1rio, Benef\u00edcios e Destaques - Let&#039;s Go Nerd","isPartOf":{"@id":"https:\/\/letsgonerd.com\/#website"},"datePublished":"2025-12-25T02:37:00+00:00","dateModified":"2025-12-25T02:37:06+00:00","author":{"@id":"https:\/\/letsgonerd.com\/#\/schema\/person\/d52888235fd6563bd07d97185d6a61e4"},"breadcrumb":{"@id":"https:\/\/letsgonerd.com\/cc126f98-19ed-41de-9ad6-4ae3c45e489b\/#breadcrumb"},"inLanguage":"en-US","potentialAction":[{"@type":"ReadAction","target":["https:\/\/letsgonerd.com\/cc126f98-19ed-41de-9ad6-4ae3c45e489b\/"]}]},{"@type":"BreadcrumbList","@id":"https:\/\/letsgonerd.com\/cc126f98-19ed-41de-9ad6-4ae3c45e489b\/#breadcrumb","itemListElement":[{"@type":"ListItem","position":1,"name":"Home","item":"https:\/\/letsgonerd.com\/"},{"@type":"ListItem","position":2,"name":"Vaga de Promotor de Vendas Ferista: Sal\u00e1rio, Benef\u00edcios e Destaques"}]},{"@type":"WebSite","@id":"https:\/\/letsgonerd.com\/#website","url":"https:\/\/letsgonerd.com\/","name":"Let&#039;s Go Nerd","description":"","potentialAction":[{"@type":"SearchAction","target":{"@type":"EntryPoint","urlTemplate":"https:\/\/letsgonerd.com\/?s={search_term_string}"},"query-input":"required name=search_term_string"}],"inLanguage":"en-US"},{"@type":"Person","@id":"https:\/\/letsgonerd.com\/#\/schema\/person\/d52888235fd6563bd07d97185d6a61e4","name":"Bruno Gianni","image":{"@type":"ImageObject","inLanguage":"en-US","@id":"https:\/\/letsgonerd.com\/#\/schema\/person\/image\/","url":"https:\/\/secure.gravatar.com\/avatar\/0f5d42d7bf77874643c1478932860e3f?s=96&d=mm&r=g","contentUrl":"https:\/\/secure.gravatar.com\/avatar\/0f5d42d7bf77874643c1478932860e3f?s=96&d=mm&r=g","caption":"Bruno Gianni"},"description":"Bruno writes the way he lives, with curiosity, care, and respect for people. He likes to observe, listen, and try to understand what is happening on the other side before putting any words on the page.For him, writing is not about impressing, but about getting closer. It is about turning thoughts into something simple, clear, and real. Every text is an ongoing conversation, created with care and honesty, with the sincere intention of touching someone, somewhere along the way.","url":"https:\/\/letsgonerd.com\/en\/author\/bcgianni\/"}]}},"_links":{"self":[{"href":"https:\/\/letsgonerd.com\/en\/wp-json\/wp\/v2\/posts\/1662"}],"collection":[{"href":"https:\/\/letsgonerd.com\/en\/wp-json\/wp\/v2\/posts"}],"about":[{"href":"https:\/\/letsgonerd.com\/en\/wp-json\/wp\/v2\/types\/post"}],"author":[{"embeddable":true,"href":"https:\/\/letsgonerd.com\/en\/wp-json\/wp\/v2\/users\/3"}],"replies":[{"embeddable":true,"href":"https:\/\/letsgonerd.com\/en\/wp-json\/wp\/v2\/comments?post=1662"}],"version-history":[{"count":1,"href":"https:\/\/letsgonerd.com\/en\/wp-json\/wp\/v2\/posts\/1662\/revisions"}],"predecessor-version":[{"id":1678,"href":"https:\/\/letsgonerd.com\/en\/wp-json\/wp\/v2\/posts\/1662\/revisions\/1678"}],"wp:attachment":[{"href":"https:\/\/letsgonerd.com\/en\/wp-json\/wp\/v2\/media?parent=1662"}],"wp:term":[{"taxonomy":"category","embeddable":true,"href":"https:\/\/letsgonerd.com\/en\/wp-json\/wp\/v2\/categories?post=1662"},{"taxonomy":"post_tag","embeddable":true,"href":"https:\/\/letsgonerd.com\/en\/wp-json\/wp\/v2\/tags?post=1662"}],"curies":[{"name":"wp","href":"https:\/\/api.w.org\/{rel}","templated":true}]}}